{"id":434,"date":"2015-10-15T16:59:16","date_gmt":"2015-10-15T16:59:16","guid":{"rendered":"http:\/\/freeotegi.com\/?p=434"},"modified":"2015-10-19T08:38:35","modified_gmt":"2015-10-19T08:38:35","slug":"24-miembros-del-parlamento-europeo-se-suman-a-la-declaracion","status":"publish","type":"post","link":"https:\/\/freeotegi.com\/es\/24-miembros-del-parlamento-europeo-se-suman-a-la-declaracion\/","title":{"rendered":"26 Miembros del Parlamento Europeo se suman a la declaraci\u00f3n"},"content":{"rendered":"<p>Este jueves se ha presentado la lista de las diputadas y diputados europeos que apoyan la declaraci\u00f3n internacional en favor de la liberaci\u00f3n de Arnaldo Otegi y el acercamiento de los presos y presas pol\u00edticas vascas a Euskal Herria. A iniciativa del Basque Friendship Group (grupo de apoyo en el Parlamento Europeo al proceso de paz en Euskal Herria), 24 diputados de tres grupos parlamentarios (GUE\/NGL, ALE\/Verdes y ECR) han destacado la importancia de la excarcelaci\u00f3n del secretario general de Sortu y el acercamiento de los presos como &#8220;clave para el avance en el proceso de paz&#8221;.<!--more--><\/p>\n<p>La presentaci\u00f3n de los protagonistas de la rueda de prensa celebrada en el Parlamento Europeo para presentar las nuevas adhesiones a la declaraci\u00f3n ha corrido a cargo del diputado europeo de EH Bildu, Josu Juaristi: ha intervenido en primer lugar la diputada europea de Sinn F\u00e9in, Martina Anderson (GUE\/NGL), seguida del diputado europeo de N-VA, Mark Demesmaeker (ECR) y del diputado europeo por ERC-MES, Ernest Maragall.<\/p>\n<p>La jefa de delegaci\u00f3n de Sinn F\u00e9in e el Parlamento Europeo ha destacado que &#8220;la encarcelaci\u00f3n de Otegi fue por motivos pol\u00edticos, y aunque ETA hizo su anuncio hist\u00f3rico del cese definitivo de su actividad, el estado espa\u00f1ol mantiene al dirigente de la izquierda abertzale en prisi\u00f3n&#8221;. Junto a ello, Anderson ha destacado &#8220;la importancia que en todo proceso de paz juegan las personas presas a la hora de afianzar un proceso duradero y sostenido&#8221; y ha puesto como ejemplo el proceso de paz irland\u00e9s.<\/p>\n<p>El diputado europeo de N-VA Mark Demesmaeker ha recordado que la declaraci\u00f3n impulsada por un nutrido grupo de personalidades internacionales y presentada el pasado 24 de marzo en el Parlamento Europeo, ha recabado ya apoyos desde diferentes sectores y rincones del mundo. Demesmaeker ha subrayado que &#8220;mientras la Uni\u00f3n Europea ha jugado y sigue jugando un papel esencial en varios conflictos fuera de sus fronteras, calla ante los ataques contra los derechos humanos que se producen dentro de los pa\u00edses de la Uni\u00f3n&#8221;. Ha remarcado la importancia de que cualquier proceso de paz se debe basar &#8220;en el respeto mutuo y no en un esquema de vencedores y vencidos&#8221;.<\/p>\n<p>El diputado europeo de ERC-MES, Ernest Maragall, ha agradecido la labor del Basque Friendship Group a la hora de impulsar iniciativas en favor del proceso de paz. Maragall ha hablado tambi\u00e9n en nombre de Josep-Maria Terricabras, diputado europeo por ERC, al subrayar que, manteniendo a Arnaldo Otegi en prisi\u00f3n, &#8220;el Estado espa\u00f1ol demuestra la visi\u00f3n que tiene de la justicia, muy poco adecuada a los baremos de la Uni\u00f3n Europea&#8221;. Asimismo, ha indicado que &#8220;el Estado espa\u00f1ol no puede soportar la idea de la excarcelaci\u00f3n de Otegi, ya que desencadenar\u00eda una gran ola de libertad y esperanza. Es un s\u00edmbolo demasiado grande y su encarcelaci\u00f3n obedece a que representa la libertad del pueblo vasco&#8221;. Ernest Maragall ha recordado que hoy es una fecha se\u00f1alada, ya que se cumplen 75 a\u00f1os del fusilamiento del president Compayns por parte del franquismo.<\/p>\n<p>Al t\u00e9rmino de la rueda de prensa, a preguntas de los periodistas, el diputado europeo de EH Bildu, Josu Juaristi, ha incidido en que &#8220;estamos ante una situaci\u00f3n inaudita. La encarcelaci\u00f3n por razones pol\u00edticas es reprobable en cualquier circunstancia, pero en este contexto, con una oportunidad hist\u00f3rica para afianzar la paz y resolver el conflicto, es a\u00fan m\u00e1s incomprensible, inaceptable y escandalosa. Representa un freno para la paz, porque dificulta la resoluci\u00f3n del conflicto en lugar de ayudar&#8221;. Para finalizar, ha recordado que este s\u00e1bado, 17 de octubre a las 17:30 horas, se celebrar\u00e1 una manifestaci\u00f3n en Donostia bajo el lema &#8220;Arnaldo Askatu, Politika Askatu&#8221;.<\/p>\n<p>Lista de firmantes:<\/p>\n<ul>\n<li>Marina Albiol (Izquierda Plural, GUE\/NGL &#8211; Spanish State)<\/li>\n<li>Martina Anderson (Sinn Fein, GUE\/NGL &#8211; Ireland)<\/li>\n<li>Malin Bj\u00f6rk (V\u00e4nsterpartiet, GUE\/NGL &#8211; Sweden)<\/li>\n<li>Jos\u00e9 Bov\u00e9 (Greens, Greens\/EFA &#8211; France)<\/li>\n<li>Lynn Boylan (Sinn Fein, GUE\/NGL &#8211; Ireland)<\/li>\n<li>Matt Carthy (Sinn Fein, GUE\/NGL &#8211; Ireland)<\/li>\n<li>Mark Demesmaeker (Nieuw-Vlaamse Alliantie, ECR &#8211; Flanders)<\/li>\n<li>Josu Juaristi (EH Bildu, GUE\/NGL &#8211; Euskal Herria)<\/li>\n<li>Rina Ronja Kari (Folkebev\u00e6gelsen, GUE\/NGL &#8211; Denmark)<\/li>\n<li>Stelios Kouloglou (Syriza, GUE\/NGL \u2013 Greece)<\/li>\n<li>Merja Kyll\u00f6nen (VAS, GUE\/NGL &#8211; Finland)<\/li>\n<li>Sander Loones (Nieuw-Vlaamse Alliantie, ECR &#8211; Flanders)<\/li>\n<li>Ernest Maragall (Nova Esquerra Catalana, Greens\/EFA &#8211; Catalunya)<\/li>\n<li>Marisa Matias (Bloco de Esquerda, GUE\/NGL \u2013 Portugal)<\/li>\n<li>Liadh N\u00ed Riada (Sinn Fein; GUE\/NGL &#8211; Ireland)<\/li>\n<li>Dimitrios Papadimoulis (Vice-President of the EP, Syriza, GUE\/NGL &#8211; Greece)<\/li>\n<li>Helmut Scholz (Die Linke, GUE\/NGL &#8211; Germany)<\/li>\n<li>Lidia Senra (Alternativa galega de esquerda en Europa, GUE\/NGL &#8211; Galiza)<\/li>\n<li>Alyn Smith (SNP, Greens\/EFA &#8211; Scotland)<\/li>\n<li>Bart Staes (Groen, Greens\/EFA \u2013 Belgium)<\/li>\n<li>Neoklis Sylikiotis (AKEL, GUE\/NGL &#8211; Greece)<\/li>\n<li>Josep-Maria Terricabras (ERC, Greens\/EFA \u2013 Catalunya)<\/li>\n<li>Miguel Urb\u00e1n (Podemos, GUE\/NGL &#8211; Spanish State)<\/li>\n<li>Marie-Christine Vergiat (Front de Gauche, GUE\/NGL &#8211; French State)<\/li>\n<li>Tatjana \u017ddanoka (Latvijas Krievu savien\u012bba, Greens\/EFA &#8211; Latvia)<\/li>\n<li>Gabi Zimmer (Die Linke, GUE\/NGL &#8211; Germany)<\/li>\n<\/ul>\n<p><a href=\"http:\/\/freeotegi.com\/wp-content\/uploads\/2015\/10\/MEPS-montajea.jpg\"><img loading=\"lazy\" class=\"aligncenter size-large wp-image-432\" src=\"http:\/\/freeotegi.com\/wp-content\/uploads\/2015\/10\/MEPS-montajea-1024x512.jpg\" alt=\"MEPS-montajea\" width=\"1024\" height=\"512\" srcset=\"https:\/\/freeotegi.com\/wp-content\/uploads\/2015\/10\/MEPS-montajea-1024x512.jpg 1024w, https:\/\/freeotegi.com\/wp-content\/uploads\/2015\/10\/MEPS-montajea-300x150.jpg 300w\" sizes=\"(max-width: 1024px) 100vw, 1024px\" \/><\/a><\/p>\n","protected":false},"excerpt":{"rendered":"<p>Este jueves se ha presentado la lista de las diputadas y diputados europeos que apoyan la declaraci\u00f3n internacional en favor de la liberaci\u00f3n de Arnaldo Otegi y el acercamiento de los presos y presas pol\u00edticas vascas a Euskal Herria. A iniciativa del Basque Friendship Group (grupo de apoyo en el Parlamento Europeo al proceso de [&hellip;]<\/p>\n","protected":false},"author":2,"featured_media":432,"comment_status":"closed","ping_status":"closed","sticky":false,"template":"","format":"standard","meta":[],"categories":[4],"tags":[],"_links":{"self":[{"href":"https:\/\/freeotegi.com\/es\/wp-json\/wp\/v2\/posts\/434"}],"collection":[{"href":"https:\/\/freeotegi.com\/es\/wp-json\/wp\/v2\/posts"}],"about":[{"href":"https:\/\/freeotegi.com\/es\/wp-json\/wp\/v2\/types\/post"}],"author":[{"embeddable":true,"href":"https:\/\/freeotegi.com\/es\/wp-json\/wp\/v2\/users\/2"}],"replies":[{"embeddable":true,"href":"https:\/\/freeotegi.com\/es\/wp-json\/wp\/v2\/comments?post=434"}],"version-history":[{"count":4,"href":"https:\/\/freeotegi.com\/es\/wp-json\/wp\/v2\/posts\/434\/revisions"}],"predecessor-version":[{"id":445,"href":"https:\/\/freeotegi.com\/es\/wp-json\/wp\/v2\/posts\/434\/revisions\/445"}],"wp:featuredmedia":[{"embeddable":true,"href":"https:\/\/freeotegi.com\/es\/wp-json\/wp\/v2\/media\/432"}],"wp:attachment":[{"href":"https:\/\/freeotegi.com\/es\/wp-json\/wp\/v2\/media?parent=434"}],"wp:term":[{"taxonomy":"category","embeddable":true,"href":"https:\/\/freeotegi.com\/es\/wp-json\/wp\/v2\/categories?post=434"},{"taxonomy":"post_tag","embeddable":true,"href":"https:\/\/freeotegi.com\/es\/wp-json\/wp\/v2\/tags?post=434"}],"curies":[{"name":"wp","href":"https:\/\/api.w.org\/{rel}","templated":true}]}}